{"id":6747,"date":"2024-07-12T08:23:48","date_gmt":"2024-07-12T11:23:48","guid":{"rendered":"https:\/\/acervo.unipampa.edu.br\/proddoc\/?p=6747"},"modified":"2024-07-12T08:57:54","modified_gmt":"2024-07-12T11:57:54","slug":"proddoc-foi-selecionado-para-participar-do-42o-seurs-a-extensao-que-queremos","status":"publish","type":"post","link":"https:\/\/acervo.unipampa.edu.br\/proddoc\/proddoc-foi-selecionado-para-participar-do-42o-seurs-a-extensao-que-queremos\/","title":{"rendered":"PRODDOC foi selecionado para participar do \u201c42\u00ba SEURS &#8211; A Extens\u00e3o que queremos\u201d"},"content":{"rendered":"<p style=\"text-align: justify\"><strong><em>Por Cl\u00e1udia dos Santos<\/em><\/strong><\/p>\n<p>&nbsp;<\/p>\n<p style=\"text-align: justify\">O <strong>Programa de Extens\u00e3o, Cataloga\u00e7\u00e3o e Digitaliza\u00e7\u00e3o de Documenta\u00e7\u00e3o Hist\u00f3rica (PRODDOC)<\/strong>, da Unipampa \u2013 Campus Jaguar\u00e3o, foi selecionado para participar do 42\u00ba SEURS na categoria Tert\u00falias. O evento ocorrer\u00e1 de 11 a 13 de setembro de 2024, em Porto Alegre.<\/p>\n<p style=\"text-align: justify\">Ao expor seu trabalho no 42\u00ba SEURS, o PRODDOC contribuir\u00e1 para a reflex\u00e3o sobre o papel da extens\u00e3o universit\u00e1ria para a comunidade acad\u00eamica e a sociedade. A digitaliza\u00e7\u00e3o de documentos hist\u00f3ricos preserva a mem\u00f3ria coletiva, democratiza o acesso \u00e0 informa\u00e7\u00e3o e promove a conscientiza\u00e7\u00e3o sobre a import\u00e2ncia de proteger o patrim\u00f4nio cultural. Em um momento em que quest\u00f5es como crises clim\u00e1ticas, desigualdades estruturais e reconhecimento das identidades de grupos minorizados s\u00e3o fundamentais, o trabalho do PRODDOC se alinha perfeitamente com os objetivos e valores do evento.<\/p>\n<p style=\"text-align: justify\">A participa\u00e7\u00e3o do PRODDOC no 42\u00ba SEURS n\u00e3o apenas valoriza o trabalho realizado at\u00e9 agora, mas tamb\u00e9m fortalece o compromisso da UNIPAMPA com a extens\u00e3o universit\u00e1ria e a preserva\u00e7\u00e3o da hist\u00f3ria e cultura regional. \u00c9 uma oportunidade de apresentar como a academia pode contribuir de forma significativa para a sociedade, promovendo o di\u00e1logo, a inova\u00e7\u00e3o e a preserva\u00e7\u00e3o do patrim\u00f4nio hist\u00f3rico e cultural.<\/p>\n<p>&nbsp;<\/p>\n<p style=\"text-align: center\"><strong>Sobre o 42\u00ba SEURS<\/strong><\/p>\n<p style=\"text-align: justify\">O 42\u00ba Semin\u00e1rio de Extens\u00e3o Universit\u00e1ria da Regi\u00e3o Sul (SEURS 42) ser\u00e1 organizado pela Pr\u00f3-Reitoria de Extens\u00e3o da Universidade Federal do Rio Grande do Sul. O evento ocorrer\u00e1 de 11 a 13 de setembro de 2024, no Campus Centro da UFRGS, em Porto Alegre. Seu objetivo principal \u00e9 promover o interc\u00e2mbio entre as Institui\u00e7\u00f5es P\u00fablicas de Ensino Superior da Regi\u00e3o Sul do Brasil \u2013 Paran\u00e1, Santa Catarina e Rio Grande do Sul \u2013 estimulando o di\u00e1logo interinstitucional e a troca de experi\u00eancias entre extensionistas e comunidades.<\/p>\n<p style=\"text-align: justify\">A tem\u00e1tica escolhida para o evento deste ano \u00e9 \u201cA Extens\u00e3o que queremos\u201d e procura refletir, a partir das pr\u00e1ticas extensionistas atuais, que futuros estamos produzindo e o que desejamos para as institui\u00e7\u00f5es de ensino superior e para a sociedade do amanh\u00e3. Mais que produzir questionamentos, o tema do SEURS 42 \u00e9 um chamamento para a constru\u00e7\u00e3o de um mundo mais sustent\u00e1vel, no qual temas como crises clim\u00e1ticas e ambientais, combate \u00e0s desigualdades estruturais e reconhecimento das quest\u00f5es identit\u00e1rias de grupos minorizados se fortale\u00e7am ainda mais como valores indissoci\u00e1veis da agenda da extens\u00e3o universit\u00e1ria.<\/p>\n<p style=\"text-align: justify\">Durante os tr\u00eas dias de programa\u00e7\u00e3o, ser\u00e3o desenvolvidas atividades estruturadas nas seguintes modalidades: Tert\u00falias (apresenta\u00e7\u00f5es orais com rodas de conversas), V\u00eddeo-P\u00f4ster (apresentados em totens e com p\u00fablico espectador) e Oficinas. O evento contar\u00e1 ainda com a Confer\u00eancia de Abertura e atividades culturais diversas.<\/p>\n<p style=\"text-align: justify\"><em>(Fonte: https:\/\/www.ufrgs.br\/seurs42\/o-evento\/)<\/em><\/p>\n","protected":false},"excerpt":{"rendered":"<p>Por Cl\u00e1udia dos Santos &nbsp; O Programa de Extens\u00e3o, Cataloga\u00e7\u00e3o e Digitaliza\u00e7\u00e3o de Documenta\u00e7\u00e3o Hist\u00f3rica (PRODDOC), da Unipampa \u2013 Campus Jaguar\u00e3o, foi selecionado para participar do 42\u00ba SEURS na categoria Tert\u00falias. O evento ocorrer\u00e1 de 11 a 13 de setembro de 2024, em Porto Alegre. Ao expor seu trabalho no 42\u00ba SEURS, o PRODDOC contribuir\u00e1 [&hellip;]<\/p>\n","protected":false},"author":17,"featured_media":0,"comment_status":"closed","ping_status":"closed","sticky":false,"template":"","format":"standard","meta":{"footnotes":""},"categories":[3,1],"tags":[],"_links":{"self":[{"href":"https:\/\/acervo.unipampa.edu.br\/proddoc\/wp-json\/wp\/v2\/posts\/6747"}],"collection":[{"href":"https:\/\/acervo.unipampa.edu.br\/proddoc\/wp-json\/wp\/v2\/posts"}],"about":[{"href":"https:\/\/acervo.unipampa.edu.br\/proddoc\/wp-json\/wp\/v2\/types\/post"}],"author":[{"embeddable":true,"href":"https:\/\/acervo.unipampa.edu.br\/proddoc\/wp-json\/wp\/v2\/users\/17"}],"replies":[{"embeddable":true,"href":"https:\/\/acervo.unipampa.edu.br\/proddoc\/wp-json\/wp\/v2\/comments?post=6747"}],"version-history":[{"count":5,"href":"https:\/\/acervo.unipampa.edu.br\/proddoc\/wp-json\/wp\/v2\/posts\/6747\/revisions"}],"predecessor-version":[{"id":6749,"href":"https:\/\/acervo.unipampa.edu.br\/proddoc\/wp-json\/wp\/v2\/posts\/6747\/revisions\/6749"}],"wp:attachment":[{"href":"https:\/\/acervo.unipampa.edu.br\/proddoc\/wp-json\/wp\/v2\/media?parent=6747"}],"wp:term":[{"taxonomy":"category","embeddable":true,"href":"https:\/\/acervo.unipampa.edu.br\/proddoc\/wp-json\/wp\/v2\/categories?post=6747"},{"taxonomy":"post_tag","embeddable":true,"href":"https:\/\/acervo.unipampa.edu.br\/proddoc\/wp-json\/wp\/v2\/tags?post=6747"}],"curies":[{"name":"wp","href":"https:\/\/api.w.org\/{rel}","templated":true}]}}