{"id":6664,"date":"2023-11-01T02:00:20","date_gmt":"2023-11-01T05:00:20","guid":{"rendered":"https:\/\/acervo.unipampa.edu.br\/proddoc\/?p=6664"},"modified":"2023-12-07T03:01:48","modified_gmt":"2023-12-07T06:01:48","slug":"6664-2","status":"publish","type":"post","link":"https:\/\/acervo.unipampa.edu.br\/proddoc\/6664-2\/","title":{"rendered":"Unipampa &#8211;\u00a0Campus Jaguar\u00e3o recebe a visita de alunos da EMEF Manoel Pereira Vargas no PRODDOC, que conta com novas atividades"},"content":{"rendered":"<h6 style=\"text-align: justify\"><em><strong>Por Cl\u00e1udia dos Santos<\/strong><\/em><\/h6>\n<p style=\"text-align: justify\">O Programa de Extens\u00e3o, Cataloga\u00e7\u00e3o e Digitaliza\u00e7\u00e3o de Documenta\u00e7\u00e3o Hist\u00f3rica (PRODDOC), da Unipampa, sob coordena\u00e7\u00e3o do historiador, Dr. Alexandre dos Santos Villas B\u00f4as e co-coordena\u00e7\u00e3o da bibliotec\u00e1ria Tatiane Marques de Oliveira, est\u00e1 retomando seus trabalhos com novas atividades, contando com a participa\u00e7\u00e3o das bolsistas Isadora Cabreira da Silva, discente do curso de Letras Portugu\u00eas-Espanhol, e Cl\u00e1udia dos Santos, discente do curso de Letras EaD, ambas da Unipampa \u2013 Campus Jaguar\u00e3o.<\/p>\n<p style=\"text-align: justify\">O PRODDOC desenvolve atividades de cataloga\u00e7\u00e3o e digitaliza\u00e7\u00e3o de documentos hist\u00f3ricos armazenados no Instituto Hist\u00f3rico e Geogr\u00e1fico de Jaguar\u00e3o\u00a0(IHGJ), por meio de acordo de coopera\u00e7\u00e3o com a universidade, preservando a integridade f\u00edsica da manipula\u00e7\u00e3o dos acervos. O escaneamento do material selecionado \u00e9 realizado com o uso de <em>scanner<\/em> planet\u00e1rio de fabrica\u00e7\u00e3o alem\u00e3, modelo Zeutschel OS 12000, que permite a capta\u00e7\u00e3o de imagens de grandes formatos, adquirido pela Unipampa em 2015. O armazenamento das imagens em arquivo digital \u00e9 disponibilizado em um reposit\u00f3rio digital, por meio do <em>software<\/em> Tainacan, possibilitando o acesso para consulta, pesquisas acad\u00eamicas e hist\u00f3ricas, tanto do p\u00fablico interno quanto externo \u00e0 Universidade.<\/p>\n<p style=\"text-align: justify\">Nessa nova etapa, o PRODDOC est\u00e1 catalogando e digitalizando o acervo do peri\u00f3dico \u201cA Situa\u00e7\u00e3o\u201d, que serviu como notici\u00e1rio oficial do Partido Republicano Jaguarense, sendo publicado no in\u00edcio do s\u00e9culo XX, at\u00e9 meados da d\u00e9cada de 1930. A inten\u00e7\u00e3o do projeto \u00e9 futuramente expandir suas atividades para outros campi da universidade, que possuam acervos hist\u00f3ricos para serem digitalizados.<\/p>\n<h5 style=\"text-align: center\"><strong>O PRODDOC abre suas portas para visitas monitoradas<\/strong><\/h5>\n<p style=\"text-align: justify\">Na \u00faltima sexta-feira (27), os alunos da Escola Municipal Manoel Pereira Vargas, do bairro Pindorama, realizaram uma visita ao PRODDOC, acompanhados da Professora de Hist\u00f3ria K\u00eanya Jessyca Martins de Paiva. Os alunos dos \u00faltimos anos do ensino fundamental conheceram o processo de cataloga\u00e7\u00e3o, digitaliza\u00e7\u00e3o e armazenamento de documentos hist\u00f3ricos da cidade de Jaguar\u00e3o. A visita foi monitorada pelas bolsistas Isadora Cabreira e Cl\u00e1udia dos Santos.<\/p>\n<p style=\"text-align: justify\">* K\u00eanya Jessyca Martins de Paiva foi aluna da Unipampa &#8211; Campus Jaguar\u00e3o, cursando as gradua\u00e7\u00f5es de Hist\u00f3ria e Turismo, especializa\u00e7\u00e3o no Ensino de Hist\u00f3ria e mestrado em Educa\u00e7\u00e3o.<\/p>\n<p>&nbsp;<\/p>\n<p><img decoding=\"async\" loading=\"lazy\" class=\"wp-image-5851 aligncenter\" src=\"https:\/\/acervo.unipampa.edu.br\/proddoc\/wp-content\/uploads\/sites\/2\/2023\/11\/imagem-01-claudia-dos-santos-3-300x225.jpeg\" alt=\"\" width=\"333\" height=\"250\" srcset=\"https:\/\/acervo.unipampa.edu.br\/proddoc\/wp-content\/uploads\/sites\/2\/2023\/11\/imagem-01-claudia-dos-santos-3-300x225.jpeg 300w, https:\/\/acervo.unipampa.edu.br\/proddoc\/wp-content\/uploads\/sites\/2\/2023\/11\/imagem-01-claudia-dos-santos-3-1024x769.jpeg 1024w, https:\/\/acervo.unipampa.edu.br\/proddoc\/wp-content\/uploads\/sites\/2\/2023\/11\/imagem-01-claudia-dos-santos-3-768x576.jpeg 768w, https:\/\/acervo.unipampa.edu.br\/proddoc\/wp-content\/uploads\/sites\/2\/2023\/11\/imagem-01-claudia-dos-santos-3-1536x1153.jpeg 1536w, https:\/\/acervo.unipampa.edu.br\/proddoc\/wp-content\/uploads\/sites\/2\/2023\/11\/imagem-01-claudia-dos-santos-3-205x154.jpeg 205w, https:\/\/acervo.unipampa.edu.br\/proddoc\/wp-content\/uploads\/sites\/2\/2023\/11\/imagem-01-claudia-dos-santos-3-480x360.jpeg 480w, https:\/\/acervo.unipampa.edu.br\/proddoc\/wp-content\/uploads\/sites\/2\/2023\/11\/imagem-01-claudia-dos-santos-3.jpeg 1600w\" sizes=\"(max-width: 333px) 100vw, 333px\" \/><\/p>\n<pre style=\"text-align: center\">Isadora Cabreira\/PRODDOC com a\u00a0Professora K\u00eanya e os alunos do\r\n8\u00ba e 9\u00ba anos da EMEF Manoel Pereira Vargas, de Jaguar\u00e3o.<\/pre>\n<p>&nbsp;<\/p>\n<p><img decoding=\"async\" loading=\"lazy\" class=\"alignnone size-medium wp-image-5854 aligncenter\" src=\"https:\/\/acervo.unipampa.edu.br\/proddoc\/wp-content\/uploads\/sites\/2\/2023\/11\/imagem-02-claudia-dos-santos-225x300.jpeg\" alt=\"\" width=\"225\" height=\"300\" srcset=\"https:\/\/acervo.unipampa.edu.br\/proddoc\/wp-content\/uploads\/sites\/2\/2023\/11\/imagem-02-claudia-dos-santos-225x300.jpeg 225w, https:\/\/acervo.unipampa.edu.br\/proddoc\/wp-content\/uploads\/sites\/2\/2023\/11\/imagem-02-claudia-dos-santos-769x1024.jpeg 769w, https:\/\/acervo.unipampa.edu.br\/proddoc\/wp-content\/uploads\/sites\/2\/2023\/11\/imagem-02-claudia-dos-santos-768x1023.jpeg 768w, https:\/\/acervo.unipampa.edu.br\/proddoc\/wp-content\/uploads\/sites\/2\/2023\/11\/imagem-02-claudia-dos-santos-1153x1536.jpeg 1153w, https:\/\/acervo.unipampa.edu.br\/proddoc\/wp-content\/uploads\/sites\/2\/2023\/11\/imagem-02-claudia-dos-santos-205x273.jpeg 205w, https:\/\/acervo.unipampa.edu.br\/proddoc\/wp-content\/uploads\/sites\/2\/2023\/11\/imagem-02-claudia-dos-santos-480x639.jpeg 480w, https:\/\/acervo.unipampa.edu.br\/proddoc\/wp-content\/uploads\/sites\/2\/2023\/11\/imagem-02-claudia-dos-santos.jpeg 1201w\" sizes=\"(max-width: 225px) 100vw, 225px\" \/><\/p>\n<pre style=\"text-align: center\"> Ashley Garcia Nunes e Julia Almada Terra Moreno (8\u00ba ano);\r\nAlessandro Machado Feij\u00f3 (9\u00ba ano).<\/pre>\n<p>&nbsp;<\/p>\n<p><img decoding=\"async\" loading=\"lazy\" class=\"alignnone size-medium wp-image-5855 aligncenter\" src=\"https:\/\/acervo.unipampa.edu.br\/proddoc\/wp-content\/uploads\/sites\/2\/2023\/11\/imagem-03-claudia-dos-santos-225x300.jpeg\" alt=\"\" width=\"225\" height=\"300\" srcset=\"https:\/\/acervo.unipampa.edu.br\/proddoc\/wp-content\/uploads\/sites\/2\/2023\/11\/imagem-03-claudia-dos-santos-225x300.jpeg 225w, https:\/\/acervo.unipampa.edu.br\/proddoc\/wp-content\/uploads\/sites\/2\/2023\/11\/imagem-03-claudia-dos-santos-769x1024.jpeg 769w, https:\/\/acervo.unipampa.edu.br\/proddoc\/wp-content\/uploads\/sites\/2\/2023\/11\/imagem-03-claudia-dos-santos-768x1023.jpeg 768w, https:\/\/acervo.unipampa.edu.br\/proddoc\/wp-content\/uploads\/sites\/2\/2023\/11\/imagem-03-claudia-dos-santos-1153x1536.jpeg 1153w, https:\/\/acervo.unipampa.edu.br\/proddoc\/wp-content\/uploads\/sites\/2\/2023\/11\/imagem-03-claudia-dos-santos-205x273.jpeg 205w, https:\/\/acervo.unipampa.edu.br\/proddoc\/wp-content\/uploads\/sites\/2\/2023\/11\/imagem-03-claudia-dos-santos-480x639.jpeg 480w, https:\/\/acervo.unipampa.edu.br\/proddoc\/wp-content\/uploads\/sites\/2\/2023\/11\/imagem-03-claudia-dos-santos.jpeg 1201w\" sizes=\"(max-width: 225px) 100vw, 225px\" \/><\/p>\n<pre style=\"text-align: center\">\u00a0Emily Vergara Lima da Silva (9\u00ba ano).<\/pre>\n<p style=\"text-align: center\"><em>Cr\u00e9dito das imagens: Cl\u00e1udia dos Santos\/PRODDOC<\/em><\/p>\n<h5 style=\"text-align: center\"><strong>Evento comemorativo de 10 anos do PRODDOC<\/strong><\/h5>\n<p style=\"text-align: justify\">Em dezembro o PRODDOC realizar\u00e1 evento online comemorativo de uma d\u00e9cada de atividades. Acompanhe nas redes sociais a divulga\u00e7\u00e3o da programa\u00e7\u00e3o!<\/p>\n<p>Conhe\u00e7a as p\u00e1ginas do PRODDOC e agende sua visita!<\/p>\n<p>E-mail: unipampaproddoc@gmail.com<\/p>\n<p>Facebook:\u00a0<a href=\"https:\/\/www.facebook.com\/proddocunipampa\">https:\/\/www.facebook.com\/proddocunipampa<\/a><\/p>\n<p>Instagram:\u00a0<a href=\"https:\/\/www.instagram.com\/proddocunipampa\/\">https:\/\/www.instagram.com\/proddocunipampa\/<\/a><\/p>\n<p>YouTube:\u00a0<a href=\"https:\/\/www.youtube.com\/@ProddocUnipampa\">https:\/\/www.youtube.com\/@ProddocUnipampa<\/a><\/p>\n<p>X Twitter:\u00a0<a href=\"https:\/\/twitter.com\/ProddocUnipampa\">https:\/\/twitter.com\/ProddocUnipampa<\/a><\/p>\n<p style=\"text-align: right\">Jaguar\u00e3o, 1 de novembro de 2023.<\/p>\n","protected":false},"excerpt":{"rendered":"<p>Por Cl\u00e1udia dos Santos O Programa de Extens\u00e3o, Cataloga\u00e7\u00e3o e Digitaliza\u00e7\u00e3o de Documenta\u00e7\u00e3o Hist\u00f3rica (PRODDOC), da Unipampa, sob coordena\u00e7\u00e3o do historiador, Dr. Alexandre dos Santos Villas B\u00f4as e co-coordena\u00e7\u00e3o da bibliotec\u00e1ria Tatiane Marques de Oliveira, est\u00e1 retomando seus trabalhos com novas atividades, contando com a participa\u00e7\u00e3o das bolsistas Isadora Cabreira da Silva, discente do curso [&hellip;]<\/p>\n","protected":false},"author":17,"featured_media":0,"comment_status":"closed","ping_status":"closed","sticky":false,"template":"","format":"standard","meta":{"footnotes":""},"categories":[3],"tags":[],"_links":{"self":[{"href":"https:\/\/acervo.unipampa.edu.br\/proddoc\/wp-json\/wp\/v2\/posts\/6664"}],"collection":[{"href":"https:\/\/acervo.unipampa.edu.br\/proddoc\/wp-json\/wp\/v2\/posts"}],"about":[{"href":"https:\/\/acervo.unipampa.edu.br\/proddoc\/wp-json\/wp\/v2\/types\/post"}],"author":[{"embeddable":true,"href":"https:\/\/acervo.unipampa.edu.br\/proddoc\/wp-json\/wp\/v2\/users\/17"}],"replies":[{"embeddable":true,"href":"https:\/\/acervo.unipampa.edu.br\/proddoc\/wp-json\/wp\/v2\/comments?post=6664"}],"version-history":[{"count":3,"href":"https:\/\/acervo.unipampa.edu.br\/proddoc\/wp-json\/wp\/v2\/posts\/6664\/revisions"}],"predecessor-version":[{"id":6667,"href":"https:\/\/acervo.unipampa.edu.br\/proddoc\/wp-json\/wp\/v2\/posts\/6664\/revisions\/6667"}],"wp:attachment":[{"href":"https:\/\/acervo.unipampa.edu.br\/proddoc\/wp-json\/wp\/v2\/media?parent=6664"}],"wp:term":[{"taxonomy":"category","embeddable":true,"href":"https:\/\/acervo.unipampa.edu.br\/proddoc\/wp-json\/wp\/v2\/categories?post=6664"},{"taxonomy":"post_tag","embeddable":true,"href":"https:\/\/acervo.unipampa.edu.br\/proddoc\/wp-json\/wp\/v2\/tags?post=6664"}],"curies":[{"name":"wp","href":"https:\/\/api.w.org\/{rel}","templated":true}]}}