{"id":6632,"date":"2023-11-16T00:53:50","date_gmt":"2023-11-16T03:53:50","guid":{"rendered":"https:\/\/acervo.unipampa.edu.br\/proddoc\/?p=6632"},"modified":"2023-12-07T03:52:13","modified_gmt":"2023-12-07T06:52:13","slug":"proddoc-participa-do-ii-webinario-relatos-de-experiencias-do-curso-de-formacao-continuada-memoria-e-patrimonio-participacao-social-e-institucionalidade-do-rio-g","status":"publish","type":"post","link":"https:\/\/acervo.unipampa.edu.br\/proddoc\/proddoc-participa-do-ii-webinario-relatos-de-experiencias-do-curso-de-formacao-continuada-memoria-e-patrimonio-participacao-social-e-institucionalidade-do-rio-g\/","title":{"rendered":"PRODDOC participa do\u00a0\u201cII Webin\u00e1rio \u2013 Relatos de Experi\u00eancias\u201d\u00a0do Curso de Forma\u00e7\u00e3o Continuada Mem\u00f3ria e Patrim\u00f4nio, Participa\u00e7\u00e3o Social e Institucionalidade, do Rio Grande do Sul"},"content":{"rendered":"<h5 style=\"text-align: justify\"><strong>Por Cl\u00e1udia dos Santos<\/strong><\/h5>\n<p style=\"text-align: justify\">No \u00faltimo dia 9, o PRODDOC \u2013 Unipampa marcou presen\u00e7a no\u00a0<strong>II Webin\u00e1rio \u2013 Relatos de Experi\u00eancias<\/strong>, do\u00a0<strong>Curso de Forma\u00e7\u00e3o Continuada Mem\u00f3ria e Patrim\u00f4nio, Participa\u00e7\u00e3o Social e Institucionalidade<\/strong>. O evento, transmitido pelo YouTube no canal do Colegiado Setorial de Mem\u00f3ria e Patrim\u00f4nio do RS e mediado por Rubia Ana Mossi Frizzo, Angelita Peixoto e Gabriela, foi realizado em parceria com a Secretaria do Estado da Cultura por meio do Sistema Estadual da Cultura e do Instituto do Patrim\u00f4nio Hist\u00f3rico e Art\u00edstico do Estado do Rio Grande do Sul.<\/p>\n<p style=\"text-align: justify\">O PRODDOC contou com a participa\u00e7\u00e3o do membro colaborador Professor Dr. Alan Dutra de Melo e do Professor Dr. Alexandre dos Santos Villas B\u00f4as, Coordenador do Programa, que apresentou o Programa de Extens\u00e3o, Cataloga\u00e7\u00e3o e Digitaliza\u00e7\u00e3o de Documenta\u00e7\u00e3o Hist\u00f3rica, contando seu hist\u00f3rico ao longo da \u00faltima d\u00e9cada e a proje\u00e7\u00e3o de a\u00e7\u00f5es futuras.<\/p>\n<p style=\"text-align: justify\">No mesmo dia, o webin\u00e1rio recebeu tamb\u00e9m as apresenta\u00e7\u00f5es da Dra. Andr\u00e9a Lacerda Bachettini, restauradora, que destacou a atua\u00e7\u00e3o do Laborat\u00f3rio Aberto de Conserva\u00e7\u00e3o e Restaura\u00e7\u00e3o de Bens Culturais da UFPel; Regis Marques Gomes, presidente da Casa dos A\u00e7ores, com reflex\u00f5es sobre a o processo de restaura\u00e7\u00e3o da Casa dos A\u00e7ores em Gravata\u00ed, Rio Grande do Sul; Dra. Noris Mara Pacheco Martins Leal, historiadora, apresentando o Museu do Doce, e discutindo a salvaguarda do patrim\u00f4nio material e imaterial brasileiro. Ao final, o espa\u00e7o foi aberto para uma roda de conversa e sess\u00e3o de perguntas aos participantes do webin\u00e1rio.<\/p>\n<p style=\"text-align: justify\">Acesse o v\u00eddeo completo:\u00a0<a href=\"https:\/\/www.youtube.com\/live\/uWAajOAIFpE?si=_CH5yWJ9FcbidNzl\">https:\/\/www.youtube.com\/live\/uWAajOAIFpE?si=_CH5yWJ9FcbidNzl<\/a><\/p>\n<p>&nbsp;<\/p>\n<p><img decoding=\"async\" loading=\"lazy\" class=\"wp-image-5903 aligncenter\" src=\"https:\/\/acervo.unipampa.edu.br\/proddoc\/wp-content\/uploads\/sites\/2\/2023\/11\/webinario_10-2-1024x531.png\" alt=\"\" width=\"635\" height=\"329\" srcset=\"https:\/\/acervo.unipampa.edu.br\/proddoc\/wp-content\/uploads\/sites\/2\/2023\/11\/webinario_10-2-1024x531.png 1024w, https:\/\/acervo.unipampa.edu.br\/proddoc\/wp-content\/uploads\/sites\/2\/2023\/11\/webinario_10-2-300x155.png 300w, https:\/\/acervo.unipampa.edu.br\/proddoc\/wp-content\/uploads\/sites\/2\/2023\/11\/webinario_10-2-768x398.png 768w, https:\/\/acervo.unipampa.edu.br\/proddoc\/wp-content\/uploads\/sites\/2\/2023\/11\/webinario_10-2-205x106.png 205w, https:\/\/acervo.unipampa.edu.br\/proddoc\/wp-content\/uploads\/sites\/2\/2023\/11\/webinario_10-2-480x249.png 480w, https:\/\/acervo.unipampa.edu.br\/proddoc\/wp-content\/uploads\/sites\/2\/2023\/11\/webinario_10-2.png 1366w\" sizes=\"(max-width: 635px) 100vw, 635px\" \/><\/p>\n<p style=\"text-align: center\">II Webin\u00e1rio &#8211; Relatos de Experi\u00eancia<\/p>\n<p>&nbsp;<\/p>\n<p><img decoding=\"async\" loading=\"lazy\" class=\"wp-image-5907 aligncenter\" src=\"https:\/\/acervo.unipampa.edu.br\/proddoc\/wp-content\/uploads\/sites\/2\/2023\/11\/webinario_09-2-1024x576.png\" alt=\"\" width=\"635\" height=\"357\" srcset=\"https:\/\/acervo.unipampa.edu.br\/proddoc\/wp-content\/uploads\/sites\/2\/2023\/11\/webinario_09-2-1024x576.png 1024w, https:\/\/acervo.unipampa.edu.br\/proddoc\/wp-content\/uploads\/sites\/2\/2023\/11\/webinario_09-2-300x169.png 300w, https:\/\/acervo.unipampa.edu.br\/proddoc\/wp-content\/uploads\/sites\/2\/2023\/11\/webinario_09-2-768x432.png 768w, https:\/\/acervo.unipampa.edu.br\/proddoc\/wp-content\/uploads\/sites\/2\/2023\/11\/webinario_09-2-205x115.png 205w, https:\/\/acervo.unipampa.edu.br\/proddoc\/wp-content\/uploads\/sites\/2\/2023\/11\/webinario_09-2-480x270.png 480w, https:\/\/acervo.unipampa.edu.br\/proddoc\/wp-content\/uploads\/sites\/2\/2023\/11\/webinario_09-2.png 1366w\" sizes=\"(max-width: 635px) 100vw, 635px\" \/><\/p>\n<p style=\"text-align: center\">II Webin\u00e1rio &#8211; Relatos de Experi\u00eancia<\/p>\n<p style=\"text-align: center\"><em>Cr\u00e9dito das Imagens: Colegiado Setorial de Mem\u00f3ria e Patrim\u00f4nio do RS<\/em><\/p>\n<p style=\"text-align: right\">Jaguar\u00e3o, 16 de novembro de 2023.<\/p>\n","protected":false},"excerpt":{"rendered":"<p>Por Cl\u00e1udia dos Santos No \u00faltimo dia 9, o PRODDOC \u2013 Unipampa marcou presen\u00e7a no\u00a0II Webin\u00e1rio \u2013 Relatos de Experi\u00eancias, do\u00a0Curso de Forma\u00e7\u00e3o Continuada Mem\u00f3ria e Patrim\u00f4nio, Participa\u00e7\u00e3o Social e Institucionalidade. O evento, transmitido pelo YouTube no canal do Colegiado Setorial de Mem\u00f3ria e Patrim\u00f4nio do RS e mediado por Rubia Ana Mossi Frizzo, Angelita [&hellip;]<\/p>\n","protected":false},"author":17,"featured_media":0,"comment_status":"closed","ping_status":"closed","sticky":false,"template":"","format":"standard","meta":{"footnotes":""},"categories":[3],"tags":[],"_links":{"self":[{"href":"https:\/\/acervo.unipampa.edu.br\/proddoc\/wp-json\/wp\/v2\/posts\/6632"}],"collection":[{"href":"https:\/\/acervo.unipampa.edu.br\/proddoc\/wp-json\/wp\/v2\/posts"}],"about":[{"href":"https:\/\/acervo.unipampa.edu.br\/proddoc\/wp-json\/wp\/v2\/types\/post"}],"author":[{"embeddable":true,"href":"https:\/\/acervo.unipampa.edu.br\/proddoc\/wp-json\/wp\/v2\/users\/17"}],"replies":[{"embeddable":true,"href":"https:\/\/acervo.unipampa.edu.br\/proddoc\/wp-json\/wp\/v2\/comments?post=6632"}],"version-history":[{"count":3,"href":"https:\/\/acervo.unipampa.edu.br\/proddoc\/wp-json\/wp\/v2\/posts\/6632\/revisions"}],"predecessor-version":[{"id":6635,"href":"https:\/\/acervo.unipampa.edu.br\/proddoc\/wp-json\/wp\/v2\/posts\/6632\/revisions\/6635"}],"wp:attachment":[{"href":"https:\/\/acervo.unipampa.edu.br\/proddoc\/wp-json\/wp\/v2\/media?parent=6632"}],"wp:term":[{"taxonomy":"category","embeddable":true,"href":"https:\/\/acervo.unipampa.edu.br\/proddoc\/wp-json\/wp\/v2\/categories?post=6632"},{"taxonomy":"post_tag","embeddable":true,"href":"https:\/\/acervo.unipampa.edu.br\/proddoc\/wp-json\/wp\/v2\/tags?post=6632"}],"curies":[{"name":"wp","href":"https:\/\/api.w.org\/{rel}","templated":true}]}}